{"id":1083,"date":"2019-10-31T12:43:07","date_gmt":"2019-10-31T11:43:07","guid":{"rendered":"http:\/\/brunoberthet.com\/?p=1083"},"modified":"2023-02-15T10:16:43","modified_gmt":"2023-02-15T09:16:43","slug":"dolomites","status":"publish","type":"post","link":"https:\/\/brunoberthet.com\/?p=1083","title":{"rendered":"Dolomites"},"content":{"rendered":"\n<p><\/p>\n\n\n\n<p><\/p>\n\n\n\n<h3 class=\"has-text-align-center\"><strong>5 jours de d\u00e9couverte et photos dans les dolomites.<\/strong><\/h3>\n\n\n\n<p style=\"font-size:16px\"><em>Les Tre Cime di Lavaredo en italien, ou Drei Zinnen en allemand, sont des sommets des Alpes, \u00e0 2 999 m d\u2019altitude, dans les Dolomites, \u00e0 la limite entre les r\u00e9gions italiennes de V\u00e9n\u00e9tie et du Trentin-Haut-Adige\/Sud Tirol.<\/em><\/p>\n\n\n\n<figure class=\"wp-block-image alignwide size-large\"><img decoding=\"async\" loading=\"lazy\" width=\"1024\" height=\"684\" src=\"http:\/\/brunoberthet.com\/wp-content\/uploads\/2020\/04\/DSC3452-Lightroom-Copy-1024x684.jpg\" alt=\"\" class=\"wp-image-2201\"\/><\/figure>\n\n\n\n<figure class=\"wp-block-image size-large\"><img decoding=\"async\" loading=\"lazy\" width=\"1024\" height=\"684\" src=\"http:\/\/brunoberthet.com\/wp-content\/uploads\/2020\/04\/DSC3450-1024x684.jpg\" alt=\"\" class=\"wp-image-2188\"\/><figcaption> <em> <\/em><strong>Eglise situ\u00e9e a proximit\u00e9 du refuge Locatelli.  <\/strong> <\/figcaption><\/figure>\n\n\n\n<figure class=\"wp-block-image size-large\"><img decoding=\"async\" src=\"http:\/\/brunoberthet.com\/wp-content\/uploads\/2020\/04\/DSC3443-Lightroom-Copy-1024x684.jpg\" alt=\"\" class=\"wp-image-2189\"\/><\/figure>\n\n\n\n<figure class=\"wp-block-image size-large\"><img decoding=\"async\" src=\"http:\/\/brunoberthet.com\/wp-content\/uploads\/2020\/04\/DSC3415-Lightroom-Copy-1024x684.jpg\" alt=\"\" class=\"wp-image-2191\"\/><\/figure>\n\n\n\n<figure class=\"wp-block-image alignfull size-large\"><img decoding=\"async\" src=\"http:\/\/brunoberthet.com\/wp-content\/uploads\/2020\/04\/Group-4-_DSC3470__DSC3478-9-images_0000-Lightroom-Lightroom-1-1024x372.jpg\" alt=\"\" class=\"wp-image-2192\"\/><figcaption> <em> <\/em><strong>Refuge Locatelli, l\u2019\u00e9glise et le refuge d\u2019hiver a la fin de la journ\u00e9e.  (assemblage de plusieurs images)<\/strong> <\/figcaption><\/figure>\n\n\n\n<figure class=\"wp-block-image size-large\"><img decoding=\"async\" loading=\"lazy\" width=\"1024\" height=\"684\" src=\"http:\/\/brunoberthet.com\/wp-content\/uploads\/2020\/04\/DSC3016-1024x684.jpg\" alt=\"\" class=\"wp-image-2193\"\/><figcaption> <strong> Lago di Carezza <\/strong> <\/figcaption><\/figure>\n\n\n\n<figure class=\"wp-block-image alignwide size-large\"><img decoding=\"async\" src=\"http:\/\/brunoberthet.com\/wp-content\/uploads\/2020\/04\/DSC3082-1024x675.jpg\" alt=\"\" class=\"wp-image-2194\"\/><figcaption> <strong> Lago di Carezza <\/strong> <\/figcaption><\/figure>\n\n\n\n<figure class=\"wp-block-image size-large\"><img decoding=\"async\" src=\"http:\/\/brunoberthet.com\/wp-content\/uploads\/2020\/04\/DSC3152-1024x684.jpg\" alt=\"\" class=\"wp-image-2195\"\/><figcaption> <strong>Alpi di Siusi <\/strong> <\/figcaption><\/figure>\n\n\n\n<figure class=\"wp-block-image size-large\"><img decoding=\"async\" src=\"http:\/\/brunoberthet.com\/wp-content\/uploads\/2020\/04\/DSC3117-1024x684.jpg\" alt=\"\" class=\"wp-image-2196\"\/><figcaption> <strong>Alpi di Siusi <\/strong> <\/figcaption><\/figure>\n\n\n\n<figure class=\"wp-block-image size-large\"><img decoding=\"async\" src=\"http:\/\/brunoberthet.com\/wp-content\/uploads\/2020\/04\/DSC3140-1024x684.jpg\" alt=\"\" class=\"wp-image-2197\"\/><figcaption> <strong>Alpi di Siusi <\/strong> <\/figcaption><\/figure>\n\n\n\n<figure class=\"wp-block-image size-large\"><img decoding=\"async\" src=\"http:\/\/brunoberthet.com\/wp-content\/uploads\/2020\/04\/DSC3129-1024x684.jpg\" alt=\"\" class=\"wp-image-2198\"\/><figcaption> <strong>Alpi di Siusi <\/strong> <\/figcaption><\/figure>\n\n\n\n<figure class=\"wp-block-image size-large\"><img decoding=\"async\" src=\"http:\/\/brunoberthet.com\/wp-content\/uploads\/2020\/04\/DSC3182-684x1024.jpg\" alt=\"\" class=\"wp-image-2199\"\/><figcaption> <strong> notre moyen de locomotion pour la visite du plateau<\/strong><em>.<\/em> <\/figcaption><\/figure>\n\n\n\n<figure class=\"wp-block-image size-large\"><img decoding=\"async\" src=\"http:\/\/brunoberthet.com\/wp-content\/uploads\/2020\/04\/DSC3424-Lightroom-Copy-1024x684.jpg\" alt=\"\" class=\"wp-image-2200\"\/><figcaption> <em> <\/em><strong>Tre cime du Lavaredo<\/strong> <\/figcaption><\/figure>\n\n\n\n<figure class=\"wp-block-image size-large\"><img decoding=\"async\" loading=\"lazy\" width=\"1024\" height=\"684\" src=\"http:\/\/brunoberthet.com\/wp-content\/uploads\/2020\/04\/DSC3452-Lightroom-Copy-1024x684.jpg\" alt=\"\" class=\"wp-image-2201\"\/><figcaption> <strong>Fin de journee, Tre cime du Lavaredo <\/strong> <\/figcaption><\/figure>\n\n\n\n<figure class=\"wp-block-image size-large\"><img decoding=\"async\" src=\"http:\/\/brunoberthet.com\/wp-content\/uploads\/2020\/04\/DSC3527-Lightroom-Copy-1024x684.jpg\" alt=\"\" class=\"wp-image-2202\"\/><figcaption><strong> D\u00e9but de matin\u00e9e, tre cimes di Lavaredo<em> (pause longue)<\/em> <\/strong><\/figcaption><\/figure>\n\n\n\n<figure class=\"wp-block-image size-large\"><img decoding=\"async\" loading=\"lazy\" width=\"1024\" height=\"684\" src=\"http:\/\/brunoberthet.com\/wp-content\/uploads\/2020\/04\/DSC3291-1024x684.jpg\" alt=\"\" class=\"wp-image-2203\"\/><figcaption> <strong>Lago di Braie<br> <em>Le lac de Braie est un petit lac alpin situ\u00e9 dans le val de Braie \u00e0 1 496 m d\u2019altitude, dans la municipalit\u00e9 de Braie, \u00e0 environ 97 kilom\u00e8tres de Bolzano.<\/em> <\/strong> <\/figcaption><\/figure>\n\n\n\n<figure class=\"wp-block-image alignwide size-large\"><img decoding=\"async\" src=\"http:\/\/brunoberthet.com\/wp-content\/uploads\/2020\/04\/DSC3257-1024x684.jpg\" alt=\"\" class=\"wp-image-2204\"\/><figcaption> <strong> <em>Eglise Santa Magdalena<\/em> <\/strong> <\/figcaption><\/figure>\n","protected":false},"excerpt":{"rendered":"<p>5 jours de d\u00e9couverte et photos dans les dolomites. Les Tre Cime di Lavaredo en italien, ou Drei Zinnen en allemand, sont des sommets des Alpes, \u00e0 2 999 mContinue readingDolomites<\/p>\n","protected":false},"author":1,"featured_media":2203,"comment_status":"closed","ping_status":"closed","sticky":false,"template":"templates\/no-sidebar.php","format":"standard","meta":[],"categories":[1],"tags":[],"yoast_head":"<!-- This site is optimized with the Yoast SEO plugin v20.1 - https:\/\/yoast.com\/wordpress\/plugins\/seo\/ -->\n<title>Dolomites | Bruno Berthet photographies<\/title>\n<meta name=\"robots\" content=\"index, follow, max-snippet:-1, max-image-preview:large, max-video-preview:-1\" \/>\n<link rel=\"canonical\" href=\"https:\/\/brunoberthet.com\/?p=1083\" \/>\n<meta property=\"og:locale\" content=\"fr_FR\" \/>\n<meta property=\"og:type\" content=\"article\" \/>\n<meta property=\"og:title\" content=\"Dolomites | Bruno Berthet photographies\" \/>\n<meta property=\"og:description\" content=\"5 jours de d\u00e9couverte et photos dans les dolomites. Les Tre Cime di Lavaredo en italien, ou Drei Zinnen en allemand, sont des sommets des Alpes, \u00e0 2 999 mContinue readingDolomites\" \/>\n<meta property=\"og:url\" content=\"https:\/\/brunoberthet.com\/?p=1083\" \/>\n<meta property=\"og:site_name\" content=\"Bruno Berthet photographies\" \/>\n<meta property=\"article:published_time\" content=\"2019-10-31T11:43:07+00:00\" \/>\n<meta property=\"article:modified_time\" content=\"2023-02-15T09:16:43+00:00\" \/>\n<meta property=\"og:image\" content=\"https:\/\/brunoberthet.com\/wp-content\/uploads\/2020\/04\/DSC3291.jpg\" \/>\n\t<meta property=\"og:image:width\" content=\"2000\" \/>\n\t<meta property=\"og:image:height\" content=\"1335\" \/>\n\t<meta property=\"og:image:type\" content=\"image\/jpeg\" \/>\n<meta name=\"author\" content=\"bruno berthet\" \/>\n<meta name=\"twitter:card\" content=\"summary_large_image\" \/>\n<meta name=\"twitter:label1\" content=\"\u00c9crit par\" \/>\n\t<meta name=\"twitter:data1\" content=\"bruno berthet\" \/>\n\t<meta name=\"twitter:label2\" content=\"Dur\u00e9e de lecture estim\u00e9e\" \/>\n\t<meta name=\"twitter:data2\" content=\"1 minute\" \/>\n<script type=\"application\/ld+json\" class=\"yoast-schema-graph\">{\"@context\":\"https:\/\/schema.org\",\"@graph\":[{\"@type\":\"Article\",\"@id\":\"https:\/\/brunoberthet.com\/?p=1083#article\",\"isPartOf\":{\"@id\":\"https:\/\/brunoberthet.com\/?p=1083\"},\"author\":{\"name\":\"bruno berthet\",\"@id\":\"https:\/\/brunoberthet.com\/#\/schema\/person\/2ebec7f24f84dccded022531890f1692\"},\"headline\":\"Dolomites\",\"datePublished\":\"2019-10-31T11:43:07+00:00\",\"dateModified\":\"2023-02-15T09:16:43+00:00\",\"mainEntityOfPage\":{\"@id\":\"https:\/\/brunoberthet.com\/?p=1083\"},\"wordCount\":160,\"publisher\":{\"@id\":\"https:\/\/brunoberthet.com\/#\/schema\/person\/2ebec7f24f84dccded022531890f1692\"},\"articleSection\":[\"Voyages\"],\"inLanguage\":\"fr-FR\"},{\"@type\":\"WebPage\",\"@id\":\"https:\/\/brunoberthet.com\/?p=1083\",\"url\":\"https:\/\/brunoberthet.com\/?p=1083\",\"name\":\"Dolomites | Bruno Berthet photographies\",\"isPartOf\":{\"@id\":\"https:\/\/brunoberthet.com\/#website\"},\"datePublished\":\"2019-10-31T11:43:07+00:00\",\"dateModified\":\"2023-02-15T09:16:43+00:00\",\"breadcrumb\":{\"@id\":\"https:\/\/brunoberthet.com\/?p=1083#breadcrumb\"},\"inLanguage\":\"fr-FR\",\"potentialAction\":[{\"@type\":\"ReadAction\",\"target\":[\"https:\/\/brunoberthet.com\/?p=1083\"]}]},{\"@type\":\"BreadcrumbList\",\"@id\":\"https:\/\/brunoberthet.com\/?p=1083#breadcrumb\",\"itemListElement\":[{\"@type\":\"ListItem\",\"position\":1,\"name\":\"Home\",\"item\":\"https:\/\/brunoberthet.com\/\"},{\"@type\":\"ListItem\",\"position\":2,\"name\":\"Dolomites\"}]},{\"@type\":\"WebSite\",\"@id\":\"https:\/\/brunoberthet.com\/#website\",\"url\":\"https:\/\/brunoberthet.com\/\",\"name\":\"Bruno Berthet photographies\",\"description\":\"Annecy Haute-Savoie\",\"publisher\":{\"@id\":\"https:\/\/brunoberthet.com\/#\/schema\/person\/2ebec7f24f84dccded022531890f1692\"},\"potentialAction\":[{\"@type\":\"SearchAction\",\"target\":{\"@type\":\"EntryPoint\",\"urlTemplate\":\"https:\/\/brunoberthet.com\/?s={search_term_string}\"},\"query-input\":\"required name=search_term_string\"}],\"inLanguage\":\"fr-FR\"},{\"@type\":[\"Person\",\"Organization\"],\"@id\":\"https:\/\/brunoberthet.com\/#\/schema\/person\/2ebec7f24f84dccded022531890f1692\",\"name\":\"bruno berthet\",\"image\":{\"@type\":\"ImageObject\",\"inLanguage\":\"fr-FR\",\"@id\":\"https:\/\/brunoberthet.com\/#\/schema\/person\/image\/\",\"url\":\"https:\/\/secure.gravatar.com\/avatar\/7b9a32cc9ef2d79d6406fcef770728a9?s=96&d=mm&r=g\",\"contentUrl\":\"https:\/\/secure.gravatar.com\/avatar\/7b9a32cc9ef2d79d6406fcef770728a9?s=96&d=mm&r=g\",\"caption\":\"bruno berthet\"},\"logo\":{\"@id\":\"https:\/\/brunoberthet.com\/#\/schema\/person\/image\/\"},\"sameAs\":[\"https:\/\/www.instagram.com\/bruno.berthet\/\"]}]}<\/script>\n<!-- \/ Yoast SEO plugin. -->","yoast_head_json":{"title":"Dolomites | Bruno Berthet photographies","robots":{"index":"index","follow":"follow","max-snippet":"max-snippet:-1","max-image-preview":"max-image-preview:large","max-video-preview":"max-video-preview:-1"},"canonical":"https:\/\/brunoberthet.com\/?p=1083","og_locale":"fr_FR","og_type":"article","og_title":"Dolomites | Bruno Berthet photographies","og_description":"5 jours de d\u00e9couverte et photos dans les dolomites. Les Tre Cime di Lavaredo en italien, ou Drei Zinnen en allemand, sont des sommets des Alpes, \u00e0 2 999 mContinue readingDolomites","og_url":"https:\/\/brunoberthet.com\/?p=1083","og_site_name":"Bruno Berthet photographies","article_published_time":"2019-10-31T11:43:07+00:00","article_modified_time":"2023-02-15T09:16:43+00:00","og_image":[{"width":2000,"height":1335,"url":"https:\/\/brunoberthet.com\/wp-content\/uploads\/2020\/04\/DSC3291.jpg","type":"image\/jpeg"}],"author":"bruno berthet","twitter_card":"summary_large_image","twitter_misc":{"\u00c9crit par":"bruno berthet","Dur\u00e9e de lecture estim\u00e9e":"1 minute"},"schema":{"@context":"https:\/\/schema.org","@graph":[{"@type":"Article","@id":"https:\/\/brunoberthet.com\/?p=1083#article","isPartOf":{"@id":"https:\/\/brunoberthet.com\/?p=1083"},"author":{"name":"bruno berthet","@id":"https:\/\/brunoberthet.com\/#\/schema\/person\/2ebec7f24f84dccded022531890f1692"},"headline":"Dolomites","datePublished":"2019-10-31T11:43:07+00:00","dateModified":"2023-02-15T09:16:43+00:00","mainEntityOfPage":{"@id":"https:\/\/brunoberthet.com\/?p=1083"},"wordCount":160,"publisher":{"@id":"https:\/\/brunoberthet.com\/#\/schema\/person\/2ebec7f24f84dccded022531890f1692"},"articleSection":["Voyages"],"inLanguage":"fr-FR"},{"@type":"WebPage","@id":"https:\/\/brunoberthet.com\/?p=1083","url":"https:\/\/brunoberthet.com\/?p=1083","name":"Dolomites | Bruno Berthet photographies","isPartOf":{"@id":"https:\/\/brunoberthet.com\/#website"},"datePublished":"2019-10-31T11:43:07+00:00","dateModified":"2023-02-15T09:16:43+00:00","breadcrumb":{"@id":"https:\/\/brunoberthet.com\/?p=1083#breadcrumb"},"inLanguage":"fr-FR","potentialAction":[{"@type":"ReadAction","target":["https:\/\/brunoberthet.com\/?p=1083"]}]},{"@type":"BreadcrumbList","@id":"https:\/\/brunoberthet.com\/?p=1083#breadcrumb","itemListElement":[{"@type":"ListItem","position":1,"name":"Home","item":"https:\/\/brunoberthet.com\/"},{"@type":"ListItem","position":2,"name":"Dolomites"}]},{"@type":"WebSite","@id":"https:\/\/brunoberthet.com\/#website","url":"https:\/\/brunoberthet.com\/","name":"Bruno Berthet photographies","description":"Annecy Haute-Savoie","publisher":{"@id":"https:\/\/brunoberthet.com\/#\/schema\/person\/2ebec7f24f84dccded022531890f1692"},"potentialAction":[{"@type":"SearchAction","target":{"@type":"EntryPoint","urlTemplate":"https:\/\/brunoberthet.com\/?s={search_term_string}"},"query-input":"required name=search_term_string"}],"inLanguage":"fr-FR"},{"@type":["Person","Organization"],"@id":"https:\/\/brunoberthet.com\/#\/schema\/person\/2ebec7f24f84dccded022531890f1692","name":"bruno berthet","image":{"@type":"ImageObject","inLanguage":"fr-FR","@id":"https:\/\/brunoberthet.com\/#\/schema\/person\/image\/","url":"https:\/\/secure.gravatar.com\/avatar\/7b9a32cc9ef2d79d6406fcef770728a9?s=96&d=mm&r=g","contentUrl":"https:\/\/secure.gravatar.com\/avatar\/7b9a32cc9ef2d79d6406fcef770728a9?s=96&d=mm&r=g","caption":"bruno berthet"},"logo":{"@id":"https:\/\/brunoberthet.com\/#\/schema\/person\/image\/"},"sameAs":["https:\/\/www.instagram.com\/bruno.berthet\/"]}]}},"rttpg_featured_image_url":{"full":["https:\/\/brunoberthet.com\/wp-content\/uploads\/2020\/04\/DSC3291.jpg",2000,1335,false],"landscape":["https:\/\/brunoberthet.com\/wp-content\/uploads\/2020\/04\/DSC3291.jpg",2000,1335,false],"portraits":["https:\/\/brunoberthet.com\/wp-content\/uploads\/2020\/04\/DSC3291.jpg",2000,1335,false],"thumbnail":["https:\/\/brunoberthet.com\/wp-content\/uploads\/2020\/04\/DSC3291-150x150.jpg",150,150,true],"medium":["https:\/\/brunoberthet.com\/wp-content\/uploads\/2020\/04\/DSC3291-300x200.jpg",300,200,true],"large":["https:\/\/brunoberthet.com\/wp-content\/uploads\/2020\/04\/DSC3291-1024x684.jpg",920,615,true],"1536x1536":["https:\/\/brunoberthet.com\/wp-content\/uploads\/2020\/04\/DSC3291-1536x1025.jpg",1536,1025,true],"2048x2048":["https:\/\/brunoberthet.com\/wp-content\/uploads\/2020\/04\/DSC3291.jpg",2000,1335,false],"post-thumbnail":["https:\/\/brunoberthet.com\/wp-content\/uploads\/2020\/04\/DSC3291-1920x1080.jpg",1920,1080,true],"bold-photography-testimonial":["https:\/\/brunoberthet.com\/wp-content\/uploads\/2020\/04\/DSC3291-150x150.jpg",150,150,true],"bold-photography-stats":["https:\/\/brunoberthet.com\/wp-content\/uploads\/2020\/04\/DSC3291-50x50.jpg",50,50,true],"bold-photography-team":["https:\/\/brunoberthet.com\/wp-content\/uploads\/2020\/04\/DSC3291-640x853.jpg",640,853,true],"bold-photography-logo-slider":["https:\/\/brunoberthet.com\/wp-content\/uploads\/2020\/04\/DSC3291-175x133.jpg",175,133,true],"bold-photography-portfolio":["https:\/\/brunoberthet.com\/wp-content\/uploads\/2020\/04\/DSC3291-1920x1335.jpg",1920,1335,true],"woocommerce_thumbnail":["https:\/\/brunoberthet.com\/wp-content\/uploads\/2020\/04\/DSC3291-480x360.jpg",480,360,true],"woocommerce_single":["https:\/\/brunoberthet.com\/wp-content\/uploads\/2020\/04\/DSC3291-580x387.jpg",580,387,true],"woocommerce_gallery_thumbnail":["https:\/\/brunoberthet.com\/wp-content\/uploads\/2020\/04\/DSC3291-120x120.jpg",120,120,true]},"rttpg_author":{"display_name":"bruno berthet","author_link":"https:\/\/brunoberthet.com\/?author=1"},"rttpg_comment":0,"rttpg_category":"<a href=\"https:\/\/brunoberthet.com\/?cat=1\" rel=\"category\">Voyages<\/a>","rttpg_excerpt":"5 jours de d\u00e9couverte et photos dans les dolomites. Les Tre Cime di Lavaredo en italien, ou Drei Zinnen en allemand, sont des sommets des Alpes, \u00e0 2 999 mContinue readingDolomites","_links":{"self":[{"href":"https:\/\/brunoberthet.com\/index.php?rest_route=\/wp\/v2\/posts\/1083"}],"collection":[{"href":"https:\/\/brunoberthet.com\/index.php?rest_route=\/wp\/v2\/posts"}],"about":[{"href":"https:\/\/brunoberthet.com\/index.php?rest_route=\/wp\/v2\/types\/post"}],"author":[{"embeddable":true,"href":"https:\/\/brunoberthet.com\/index.php?rest_route=\/wp\/v2\/users\/1"}],"replies":[{"embeddable":true,"href":"https:\/\/brunoberthet.com\/index.php?rest_route=%2Fwp%2Fv2%2Fcomments&post=1083"}],"version-history":[{"count":13,"href":"https:\/\/brunoberthet.com\/index.php?rest_route=\/wp\/v2\/posts\/1083\/revisions"}],"predecessor-version":[{"id":2371,"href":"https:\/\/brunoberthet.com\/index.php?rest_route=\/wp\/v2\/posts\/1083\/revisions\/2371"}],"wp:featuredmedia":[{"embeddable":true,"href":"https:\/\/brunoberthet.com\/index.php?rest_route=\/wp\/v2\/media\/2203"}],"wp:attachment":[{"href":"https:\/\/brunoberthet.com\/index.php?rest_route=%2Fwp%2Fv2%2Fmedia&parent=1083"}],"wp:term":[{"taxonomy":"category","embeddable":true,"href":"https:\/\/brunoberthet.com\/index.php?rest_route=%2Fwp%2Fv2%2Fcategories&post=1083"},{"taxonomy":"post_tag","embeddable":true,"href":"https:\/\/brunoberthet.com\/index.php?rest_route=%2Fwp%2Fv2%2Ftags&post=1083"}],"curies":[{"name":"wp","href":"https:\/\/api.w.org\/{rel}","templated":true}]}}