{"id":1112,"date":"2019-06-30T21:26:52","date_gmt":"2019-06-30T19:26:52","guid":{"rendered":"http:\/\/brunoberthet.com\/?p=1112"},"modified":"2023-02-15T10:16:59","modified_gmt":"2023-02-15T09:16:59","slug":"the-french-outdoor-2019","status":"publish","type":"post","link":"https:\/\/brunoberthet.com\/?p=1112","title":{"rendered":"The French Outdoor"},"content":{"rendered":"\n<p><\/p>\n\n\n\n<p><\/p>\n\n\n\n<p style=\"font-size:16px\">The French Outdoor est une association qui permet a des gens passionn\u00e9s de nature et de photos de se rencontrer pendant quelques jours sur un m\u00eame lieu.<\/p>\n\n\n\n<p style=\"font-size:16px\">\u00abInstameet\u00bb est le nom donn\u00e9 au rendez-vous collectif que se donnent les passionn\u00e9s d\u2019Instagram pour vivre sur un m\u00eame lieu un moment riche de partages, d\u2019\u00e9changes, de rencontres et de beaux visuels.<\/p>\n\n\n\n<p style=\"font-size:16px\">Le besoin de se rencontrer, de sortir de nos \u00e9crans, de nos villes pour partager r\u00e9ellement avec des passionn\u00e9s est devenu une \u00e9vidence.<\/p>\n\n\n\n<p style=\"font-size:16px\">Nous \u00e9tions 30 personnes avec la m\u00eame passion pendant ces trois journ\u00e9es.<\/p>\n\n\n\n<p style=\"font-size:16px\">Cette ann\u00e9e (2019), la rencontre avait lieu dans les les Alpes et plus pr\u00e9cis\u00e9ment dans les r\u00e9serves naturelles de Sixt-Fer-\u00e0-Cheval et de Passy en Haute-Savoie, du 30 mai au 2 juin 2019.<\/p>\n\n\n\n<p style=\"font-size:16px\">La particularit\u00e9 et la force de cet Instameet, c\u2019est qu\u2019il ne s\u2019agit pas que d\u2019un simple regroupement d\u2019instagrameurs, mais d\u2019une aventure parfaitement organis\u00e9e. L\u2019association The French Outdoors ne se contente pas de faire venir les participants, mais s\u2019occupe v\u00e9ritablement de tout ce qui entoure l\u2019\u00e9v\u00e9nement, du d\u00e9but \u00e0 la fin; la cr\u00e9ation du parcours, rep\u00e9rage des lieux, partenariats, relations m\u00e9dias, liens avec les offices de tourisme.<\/p>\n\n\n\n<p><\/p>\n\n\n\n<figure class=\"wp-block-image size-large\"><img decoding=\"async\" src=\"http:\/\/brunoberthet.com\/wp-content\/uploads\/2020\/04\/DSC0135-1024x684.jpg\" alt=\"\" class=\"wp-image-2211\"\/><figcaption> <strong>Coucher de soleil sur le mont-blanc<\/strong> <\/figcaption><\/figure>\n\n\n\n<figure class=\"wp-block-image size-large\"><img decoding=\"async\" src=\"http:\/\/brunoberthet.com\/wp-content\/uploads\/2020\/04\/pano12imagev2-1024x673.jpg\" alt=\"\" class=\"wp-image-2212\"\/><figcaption> <strong>Voie Lact\u00e9e au dessus du Mont-Blanc<\/strong> <\/figcaption><\/figure>\n\n\n\n<figure class=\"wp-block-image size-large\"><img decoding=\"async\" src=\"http:\/\/brunoberthet.com\/wp-content\/uploads\/2020\/04\/DSC9791-685x1024.jpg\" alt=\"\" class=\"wp-image-2213\"\/><figcaption> <strong>Charg\u00e9 a bloc pour 3 jours<\/strong> <\/figcaption><\/figure>\n\n\n\n<figure class=\"wp-block-image size-large\"><img decoding=\"async\" src=\"http:\/\/brunoberthet.com\/wp-content\/uploads\/2020\/04\/DSC0027-684x1024.jpg\" alt=\"\" class=\"wp-image-2214\"\/><figcaption> <strong>S\u00e9ance Photo au couch\u00e9 du soleil..<\/strong> <\/figcaption><\/figure>\n\n\n\n<figure class=\"wp-block-image size-large\"><img decoding=\"async\" src=\"http:\/\/brunoberthet.com\/wp-content\/uploads\/2020\/04\/DSC9924-1024x684.jpg\" alt=\"\" class=\"wp-image-2215\"\/><\/figure>\n\n\n\n<figure class=\"wp-block-image size-large\"><img decoding=\"async\" src=\"http:\/\/brunoberthet.com\/wp-content\/uploads\/2020\/04\/DSC9688-1024x684.jpg\" alt=\"\" class=\"wp-image-2216\"\/><\/figure>\n\n\n\n<figure class=\"wp-block-image size-large\"><img decoding=\"async\" src=\"http:\/\/brunoberthet.com\/wp-content\/uploads\/2020\/04\/DSC0097-675x1024.jpg\" alt=\"\" class=\"wp-image-2217\"\/><figcaption> <strong>Encore une nuit ou la tente ne servira pas..<\/strong> <\/figcaption><\/figure>\n\n\n\n<figure class=\"wp-block-image size-large\"><img decoding=\"async\" src=\"http:\/\/brunoberthet.com\/wp-content\/uploads\/2019\/12\/TFO-II-Sixt-Warren-Lecart-199-1024x683.jpg\" alt=\"\" class=\"wp-image-1049\"\/><\/figure>\n","protected":false},"excerpt":{"rendered":"<p>The French Outdoor est une association qui permet a des gens passionn\u00e9s de nature et de photos de se rencontrer pendant quelques jours sur un m\u00eame lieu. \u00abInstameet\u00bb est leContinue readingThe French Outdoor<\/p>\n","protected":false},"author":1,"featured_media":0,"comment_status":"closed","ping_status":"closed","sticky":false,"template":"templates\/no-sidebar.php","format":"standard","meta":[],"categories":[1],"tags":[],"yoast_head":"<!-- This site is optimized with the Yoast SEO plugin v20.1 - https:\/\/yoast.com\/wordpress\/plugins\/seo\/ -->\n<title>The French Outdoor | Bruno Berthet photographies<\/title>\n<meta name=\"robots\" content=\"index, follow, max-snippet:-1, max-image-preview:large, max-video-preview:-1\" \/>\n<link rel=\"canonical\" href=\"https:\/\/brunoberthet.com\/?p=1112\" \/>\n<meta property=\"og:locale\" content=\"fr_FR\" \/>\n<meta property=\"og:type\" content=\"article\" \/>\n<meta property=\"og:title\" content=\"The French Outdoor | Bruno Berthet photographies\" \/>\n<meta property=\"og:description\" content=\"The French Outdoor est une association qui permet a des gens passionn\u00e9s de nature et de photos de se rencontrer pendant quelques jours sur un m\u00eame lieu. \u00abInstameet\u00bb est leContinue readingThe French Outdoor\" \/>\n<meta property=\"og:url\" content=\"https:\/\/brunoberthet.com\/?p=1112\" \/>\n<meta property=\"og:site_name\" content=\"Bruno Berthet photographies\" \/>\n<meta property=\"article:published_time\" content=\"2019-06-30T19:26:52+00:00\" \/>\n<meta property=\"article:modified_time\" content=\"2023-02-15T09:16:59+00:00\" \/>\n<meta property=\"og:image\" content=\"http:\/\/brunoberthet.com\/wp-content\/uploads\/2020\/04\/DSC0135-1024x684.jpg\" \/>\n<meta name=\"author\" content=\"bruno berthet\" \/>\n<meta name=\"twitter:card\" content=\"summary_large_image\" \/>\n<meta name=\"twitter:label1\" content=\"\u00c9crit par\" \/>\n\t<meta name=\"twitter:data1\" content=\"bruno berthet\" \/>\n\t<meta name=\"twitter:label2\" content=\"Dur\u00e9e de lecture estim\u00e9e\" \/>\n\t<meta name=\"twitter:data2\" content=\"1 minute\" \/>\n<script type=\"application\/ld+json\" class=\"yoast-schema-graph\">{\"@context\":\"https:\/\/schema.org\",\"@graph\":[{\"@type\":\"Article\",\"@id\":\"https:\/\/brunoberthet.com\/?p=1112#article\",\"isPartOf\":{\"@id\":\"https:\/\/brunoberthet.com\/?p=1112\"},\"author\":{\"name\":\"bruno berthet\",\"@id\":\"https:\/\/brunoberthet.com\/#\/schema\/person\/2ebec7f24f84dccded022531890f1692\"},\"headline\":\"The French Outdoor\",\"datePublished\":\"2019-06-30T19:26:52+00:00\",\"dateModified\":\"2023-02-15T09:16:59+00:00\",\"mainEntityOfPage\":{\"@id\":\"https:\/\/brunoberthet.com\/?p=1112\"},\"wordCount\":254,\"publisher\":{\"@id\":\"https:\/\/brunoberthet.com\/#\/schema\/person\/2ebec7f24f84dccded022531890f1692\"},\"articleSection\":[\"Voyages\"],\"inLanguage\":\"fr-FR\"},{\"@type\":\"WebPage\",\"@id\":\"https:\/\/brunoberthet.com\/?p=1112\",\"url\":\"https:\/\/brunoberthet.com\/?p=1112\",\"name\":\"The French Outdoor | Bruno Berthet photographies\",\"isPartOf\":{\"@id\":\"https:\/\/brunoberthet.com\/#website\"},\"datePublished\":\"2019-06-30T19:26:52+00:00\",\"dateModified\":\"2023-02-15T09:16:59+00:00\",\"breadcrumb\":{\"@id\":\"https:\/\/brunoberthet.com\/?p=1112#breadcrumb\"},\"inLanguage\":\"fr-FR\",\"potentialAction\":[{\"@type\":\"ReadAction\",\"target\":[\"https:\/\/brunoberthet.com\/?p=1112\"]}]},{\"@type\":\"BreadcrumbList\",\"@id\":\"https:\/\/brunoberthet.com\/?p=1112#breadcrumb\",\"itemListElement\":[{\"@type\":\"ListItem\",\"position\":1,\"name\":\"Home\",\"item\":\"https:\/\/brunoberthet.com\/\"},{\"@type\":\"ListItem\",\"position\":2,\"name\":\"The French Outdoor\"}]},{\"@type\":\"WebSite\",\"@id\":\"https:\/\/brunoberthet.com\/#website\",\"url\":\"https:\/\/brunoberthet.com\/\",\"name\":\"Bruno Berthet photographies\",\"description\":\"Annecy Haute-Savoie\",\"publisher\":{\"@id\":\"https:\/\/brunoberthet.com\/#\/schema\/person\/2ebec7f24f84dccded022531890f1692\"},\"potentialAction\":[{\"@type\":\"SearchAction\",\"target\":{\"@type\":\"EntryPoint\",\"urlTemplate\":\"https:\/\/brunoberthet.com\/?s={search_term_string}\"},\"query-input\":\"required name=search_term_string\"}],\"inLanguage\":\"fr-FR\"},{\"@type\":[\"Person\",\"Organization\"],\"@id\":\"https:\/\/brunoberthet.com\/#\/schema\/person\/2ebec7f24f84dccded022531890f1692\",\"name\":\"bruno berthet\",\"image\":{\"@type\":\"ImageObject\",\"inLanguage\":\"fr-FR\",\"@id\":\"https:\/\/brunoberthet.com\/#\/schema\/person\/image\/\",\"url\":\"https:\/\/secure.gravatar.com\/avatar\/7b9a32cc9ef2d79d6406fcef770728a9?s=96&d=mm&r=g\",\"contentUrl\":\"https:\/\/secure.gravatar.com\/avatar\/7b9a32cc9ef2d79d6406fcef770728a9?s=96&d=mm&r=g\",\"caption\":\"bruno berthet\"},\"logo\":{\"@id\":\"https:\/\/brunoberthet.com\/#\/schema\/person\/image\/\"},\"sameAs\":[\"https:\/\/www.instagram.com\/bruno.berthet\/\"]}]}<\/script>\n<!-- \/ Yoast SEO plugin. -->","yoast_head_json":{"title":"The French Outdoor | Bruno Berthet photographies","robots":{"index":"index","follow":"follow","max-snippet":"max-snippet:-1","max-image-preview":"max-image-preview:large","max-video-preview":"max-video-preview:-1"},"canonical":"https:\/\/brunoberthet.com\/?p=1112","og_locale":"fr_FR","og_type":"article","og_title":"The French Outdoor | Bruno Berthet photographies","og_description":"The French Outdoor est une association qui permet a des gens passionn\u00e9s de nature et de photos de se rencontrer pendant quelques jours sur un m\u00eame lieu. \u00abInstameet\u00bb est leContinue readingThe French Outdoor","og_url":"https:\/\/brunoberthet.com\/?p=1112","og_site_name":"Bruno Berthet photographies","article_published_time":"2019-06-30T19:26:52+00:00","article_modified_time":"2023-02-15T09:16:59+00:00","og_image":[{"url":"http:\/\/brunoberthet.com\/wp-content\/uploads\/2020\/04\/DSC0135-1024x684.jpg"}],"author":"bruno berthet","twitter_card":"summary_large_image","twitter_misc":{"\u00c9crit par":"bruno berthet","Dur\u00e9e de lecture estim\u00e9e":"1 minute"},"schema":{"@context":"https:\/\/schema.org","@graph":[{"@type":"Article","@id":"https:\/\/brunoberthet.com\/?p=1112#article","isPartOf":{"@id":"https:\/\/brunoberthet.com\/?p=1112"},"author":{"name":"bruno berthet","@id":"https:\/\/brunoberthet.com\/#\/schema\/person\/2ebec7f24f84dccded022531890f1692"},"headline":"The French Outdoor","datePublished":"2019-06-30T19:26:52+00:00","dateModified":"2023-02-15T09:16:59+00:00","mainEntityOfPage":{"@id":"https:\/\/brunoberthet.com\/?p=1112"},"wordCount":254,"publisher":{"@id":"https:\/\/brunoberthet.com\/#\/schema\/person\/2ebec7f24f84dccded022531890f1692"},"articleSection":["Voyages"],"inLanguage":"fr-FR"},{"@type":"WebPage","@id":"https:\/\/brunoberthet.com\/?p=1112","url":"https:\/\/brunoberthet.com\/?p=1112","name":"The French Outdoor | Bruno Berthet photographies","isPartOf":{"@id":"https:\/\/brunoberthet.com\/#website"},"datePublished":"2019-06-30T19:26:52+00:00","dateModified":"2023-02-15T09:16:59+00:00","breadcrumb":{"@id":"https:\/\/brunoberthet.com\/?p=1112#breadcrumb"},"inLanguage":"fr-FR","potentialAction":[{"@type":"ReadAction","target":["https:\/\/brunoberthet.com\/?p=1112"]}]},{"@type":"BreadcrumbList","@id":"https:\/\/brunoberthet.com\/?p=1112#breadcrumb","itemListElement":[{"@type":"ListItem","position":1,"name":"Home","item":"https:\/\/brunoberthet.com\/"},{"@type":"ListItem","position":2,"name":"The French Outdoor"}]},{"@type":"WebSite","@id":"https:\/\/brunoberthet.com\/#website","url":"https:\/\/brunoberthet.com\/","name":"Bruno Berthet photographies","description":"Annecy Haute-Savoie","publisher":{"@id":"https:\/\/brunoberthet.com\/#\/schema\/person\/2ebec7f24f84dccded022531890f1692"},"potentialAction":[{"@type":"SearchAction","target":{"@type":"EntryPoint","urlTemplate":"https:\/\/brunoberthet.com\/?s={search_term_string}"},"query-input":"required name=search_term_string"}],"inLanguage":"fr-FR"},{"@type":["Person","Organization"],"@id":"https:\/\/brunoberthet.com\/#\/schema\/person\/2ebec7f24f84dccded022531890f1692","name":"bruno berthet","image":{"@type":"ImageObject","inLanguage":"fr-FR","@id":"https:\/\/brunoberthet.com\/#\/schema\/person\/image\/","url":"https:\/\/secure.gravatar.com\/avatar\/7b9a32cc9ef2d79d6406fcef770728a9?s=96&d=mm&r=g","contentUrl":"https:\/\/secure.gravatar.com\/avatar\/7b9a32cc9ef2d79d6406fcef770728a9?s=96&d=mm&r=g","caption":"bruno berthet"},"logo":{"@id":"https:\/\/brunoberthet.com\/#\/schema\/person\/image\/"},"sameAs":["https:\/\/www.instagram.com\/bruno.berthet\/"]}]}},"rttpg_featured_image_url":null,"rttpg_author":{"display_name":"bruno berthet","author_link":"https:\/\/brunoberthet.com\/?author=1"},"rttpg_comment":0,"rttpg_category":"<a href=\"https:\/\/brunoberthet.com\/?cat=1\" rel=\"category\">Voyages<\/a>","rttpg_excerpt":"The French Outdoor est une association qui permet a des gens passionn\u00e9s de nature et de photos de se rencontrer pendant quelques jours sur un m\u00eame lieu. \u00abInstameet\u00bb est leContinue readingThe French Outdoor","_links":{"self":[{"href":"https:\/\/brunoberthet.com\/index.php?rest_route=\/wp\/v2\/posts\/1112"}],"collection":[{"href":"https:\/\/brunoberthet.com\/index.php?rest_route=\/wp\/v2\/posts"}],"about":[{"href":"https:\/\/brunoberthet.com\/index.php?rest_route=\/wp\/v2\/types\/post"}],"author":[{"embeddable":true,"href":"https:\/\/brunoberthet.com\/index.php?rest_route=\/wp\/v2\/users\/1"}],"replies":[{"embeddable":true,"href":"https:\/\/brunoberthet.com\/index.php?rest_route=%2Fwp%2Fv2%2Fcomments&post=1112"}],"version-history":[{"count":11,"href":"https:\/\/brunoberthet.com\/index.php?rest_route=\/wp\/v2\/posts\/1112\/revisions"}],"predecessor-version":[{"id":2372,"href":"https:\/\/brunoberthet.com\/index.php?rest_route=\/wp\/v2\/posts\/1112\/revisions\/2372"}],"wp:attachment":[{"href":"https:\/\/brunoberthet.com\/index.php?rest_route=%2Fwp%2Fv2%2Fmedia&parent=1112"}],"wp:term":[{"taxonomy":"category","embeddable":true,"href":"https:\/\/brunoberthet.com\/index.php?rest_route=%2Fwp%2Fv2%2Fcategories&post=1112"},{"taxonomy":"post_tag","embeddable":true,"href":"https:\/\/brunoberthet.com\/index.php?rest_route=%2Fwp%2Fv2%2Ftags&post=1112"}],"curies":[{"name":"wp","href":"https:\/\/api.w.org\/{rel}","templated":true}]}}