{"id":898,"date":"2019-10-10T19:47:47","date_gmt":"2019-10-10T17:47:47","guid":{"rendered":"http:\/\/brunoberthet.com\/?page_id=898"},"modified":"2023-02-15T10:18:39","modified_gmt":"2023-02-15T09:18:39","slug":"packraft-bivouac-grotte-raphael-lac-du-bourget","status":"publish","type":"post","link":"https:\/\/brunoberthet.com\/?p=898","title":{"rendered":"Packraft Grotte Raphael."},"content":{"rendered":"\n<p><\/p>\n\n\n\n<p><\/p>\n\n\n\n<p><\/p>\n\n\n\n<h4>Lac du Bourget, bivouac a la grotte Raphael. (Octobre 2019)<\/h4>\n\n\n\n<p style=\"font-size:16px\">Apres un premier essai rat\u00e9 quelques semaines auparavant, ou nous avions fait le choix de faire demi-tour (temps tr\u00e8s orageux, \u00e9clairs tr\u00e8s (trop) proche.<\/p>\n\n\n\n<p style=\"font-size:16px\">Mon coll\u00e8gue, <a href=\"http:\/\/www.francoisguillermet.com\/\">Fran\u00e7ois<\/a> et moi-m\u00eame avons d\u00e9cid\u00e9 de partir apr\u00e8s le boulot et de bivouaquer dans une grotte accessible uniquement par bateau.<\/p>\n\n\n\n<div class=\"wp-block-media-text alignwide is-stacked-on-mobile\" style=\"grid-template-columns:59% auto\"><figure class=\"wp-block-media-text__media\"><img decoding=\"async\" loading=\"lazy\" width=\"1024\" height=\"684\" src=\"http:\/\/brunoberthet.com\/wp-content\/uploads\/2019\/10\/DSC2613-1024x684.jpg\" alt=\"\" class=\"wp-image-2174\"\/><\/figure><div class=\"wp-block-media-text__content\">\n<p style=\"font-size:16px\">Bateaux pr\u00eat pour le d\u00e9part..<\/p>\n<\/div><\/div>\n\n\n\n<div class=\"wp-block-media-text alignwide has-media-on-the-right is-stacked-on-mobile is-vertically-aligned-center\" style=\"grid-template-columns:auto 59%\"><figure class=\"wp-block-media-text__media\"><img decoding=\"async\" loading=\"lazy\" width=\"1024\" height=\"681\" src=\"http:\/\/brunoberthet.com\/wp-content\/uploads\/2019\/10\/DSC2621-1024x681.jpg\" alt=\"\" class=\"wp-image-2175\"\/><\/figure><div class=\"wp-block-media-text__content\">\n<p style=\"font-size:16px\">Nous voila partit pour 45 minutes de rame&#8230;.<\/p>\n<\/div><\/div>\n\n\n\n<figure class=\"wp-block-image size-large\"><img decoding=\"async\" loading=\"lazy\" width=\"1024\" height=\"680\" src=\"http:\/\/brunoberthet.com\/wp-content\/uploads\/2020\/04\/DSC2629-1024x680.jpg\" alt=\"\" class=\"wp-image-2176\"\/><\/figure>\n\n\n\n<div class=\"wp-block-image\"><figure class=\"aligncenter size-large\"><img decoding=\"async\" loading=\"lazy\" width=\"1024\" height=\"683\" src=\"http:\/\/brunoberthet.com\/wp-content\/uploads\/2020\/04\/DSC2652-1024x683.jpg\" alt=\"\" class=\"wp-image-2177\"\/><\/figure><\/div>\n\n\n\n<figure class=\"wp-block-image size-large\"><img decoding=\"async\" loading=\"lazy\" width=\"1024\" height=\"684\" src=\"http:\/\/brunoberthet.com\/wp-content\/uploads\/2020\/04\/DSC2668-1024x684.jpg\" alt=\"\" class=\"wp-image-2178\"\/><figcaption> <strong>Arriv\u00e9e a la tomb\u00e9e de la nuit<\/strong> <\/figcaption><\/figure>\n\n\n\n<ul><li>Apres une nuit de bivouac au bord de l&rsquo;eau a la belle \u00e9toile.. \ud83d\ude42<\/li><\/ul>\n\n\n\n<figure class=\"wp-block-image size-large\"><img decoding=\"async\" loading=\"lazy\" width=\"684\" height=\"1024\" src=\"http:\/\/brunoberthet.com\/wp-content\/uploads\/2020\/04\/DSC2677-684x1024.jpg\" alt=\"\" class=\"wp-image-2179\"\/><\/figure>\n\n\n\n<p style=\"font-size:16px\">Reveil matinal, quelques photos et retour avec un lac bien agit\u00e9.. Et la, c&rsquo;est le drame, je r\u00e9ussi a casser mes 2 rames en poussant un peu trop fort&#8230;<\/p>\n\n\n\n<p style=\"font-size:16px\">Retour un peu difficile , mais dans les temps pour arriver au boulot&#8230;.<\/p>\n\n\n\n<figure class=\"wp-block-image size-large\"><img decoding=\"async\" loading=\"lazy\" width=\"1024\" height=\"682\" src=\"http:\/\/brunoberthet.com\/wp-content\/uploads\/2020\/04\/DSC2691-1024x682.jpg\" alt=\"\" class=\"wp-image-2181\"\/><\/figure>\n\n\n\n<figure class=\"wp-block-image size-large\"><img decoding=\"async\" src=\"http:\/\/brunoberthet.com\/wp-content\/uploads\/2020\/04\/IMG_20190920_065119_2-768x1024.jpg\" alt=\"\" class=\"wp-image-2183\"\/><figcaption><strong>Les morceaux de rames pour le retour.. \ud83d\ude42<\/strong><\/figcaption><\/figure>\n","protected":false},"excerpt":{"rendered":"<p>Lac du Bourget, bivouac a la grotte Raphael. (Octobre 2019) Apres un premier essai rat\u00e9 quelques semaines auparavant, ou nous avions fait le choix de faire demi-tour (temps tr\u00e8s orageux,Continue readingPackraft Grotte Raphael.<\/p>\n","protected":false},"author":1,"featured_media":0,"comment_status":"closed","ping_status":"closed","sticky":false,"template":"templates\/no-sidebar.php","format":"standard","meta":[],"categories":[1],"tags":[],"yoast_head":"<!-- This site is optimized with the Yoast SEO plugin v20.1 - https:\/\/yoast.com\/wordpress\/plugins\/seo\/ -->\n<title>Packraft Grotte Raphael. | Bruno Berthet photographies<\/title>\n<meta name=\"robots\" content=\"index, follow, max-snippet:-1, max-image-preview:large, max-video-preview:-1\" \/>\n<link rel=\"canonical\" href=\"https:\/\/brunoberthet.com\/?p=898\" \/>\n<meta property=\"og:locale\" content=\"fr_FR\" \/>\n<meta property=\"og:type\" content=\"article\" \/>\n<meta property=\"og:title\" content=\"Packraft Grotte Raphael. | Bruno Berthet photographies\" \/>\n<meta property=\"og:description\" content=\"Lac du Bourget, bivouac a la grotte Raphael. (Octobre 2019) Apres un premier essai rat\u00e9 quelques semaines auparavant, ou nous avions fait le choix de faire demi-tour (temps tr\u00e8s orageux,Continue readingPackraft Grotte Raphael.\" \/>\n<meta property=\"og:url\" content=\"https:\/\/brunoberthet.com\/?p=898\" \/>\n<meta property=\"og:site_name\" content=\"Bruno Berthet photographies\" \/>\n<meta property=\"article:published_time\" content=\"2019-10-10T17:47:47+00:00\" \/>\n<meta property=\"article:modified_time\" content=\"2023-02-15T09:18:39+00:00\" \/>\n<meta property=\"og:image\" content=\"http:\/\/brunoberthet.com\/wp-content\/uploads\/2019\/10\/DSC2613-1024x684.jpg\" \/>\n<meta name=\"author\" content=\"bruno berthet\" \/>\n<meta name=\"twitter:card\" content=\"summary_large_image\" \/>\n<meta name=\"twitter:label1\" content=\"\u00c9crit par\" \/>\n\t<meta name=\"twitter:data1\" content=\"bruno berthet\" \/>\n\t<meta name=\"twitter:label2\" content=\"Dur\u00e9e de lecture estim\u00e9e\" \/>\n\t<meta name=\"twitter:data2\" content=\"1 minute\" \/>\n<script type=\"application\/ld+json\" class=\"yoast-schema-graph\">{\"@context\":\"https:\/\/schema.org\",\"@graph\":[{\"@type\":\"Article\",\"@id\":\"https:\/\/brunoberthet.com\/?p=898#article\",\"isPartOf\":{\"@id\":\"https:\/\/brunoberthet.com\/?p=898\"},\"author\":{\"name\":\"bruno berthet\",\"@id\":\"https:\/\/brunoberthet.com\/#\/schema\/person\/2ebec7f24f84dccded022531890f1692\"},\"headline\":\"Packraft Grotte Raphael.\",\"datePublished\":\"2019-10-10T17:47:47+00:00\",\"dateModified\":\"2023-02-15T09:18:39+00:00\",\"mainEntityOfPage\":{\"@id\":\"https:\/\/brunoberthet.com\/?p=898\"},\"wordCount\":149,\"publisher\":{\"@id\":\"https:\/\/brunoberthet.com\/#\/schema\/person\/2ebec7f24f84dccded022531890f1692\"},\"articleSection\":[\"Voyages\"],\"inLanguage\":\"fr-FR\"},{\"@type\":\"WebPage\",\"@id\":\"https:\/\/brunoberthet.com\/?p=898\",\"url\":\"https:\/\/brunoberthet.com\/?p=898\",\"name\":\"Packraft Grotte Raphael. | Bruno Berthet photographies\",\"isPartOf\":{\"@id\":\"https:\/\/brunoberthet.com\/#website\"},\"datePublished\":\"2019-10-10T17:47:47+00:00\",\"dateModified\":\"2023-02-15T09:18:39+00:00\",\"breadcrumb\":{\"@id\":\"https:\/\/brunoberthet.com\/?p=898#breadcrumb\"},\"inLanguage\":\"fr-FR\",\"potentialAction\":[{\"@type\":\"ReadAction\",\"target\":[\"https:\/\/brunoberthet.com\/?p=898\"]}]},{\"@type\":\"BreadcrumbList\",\"@id\":\"https:\/\/brunoberthet.com\/?p=898#breadcrumb\",\"itemListElement\":[{\"@type\":\"ListItem\",\"position\":1,\"name\":\"Home\",\"item\":\"https:\/\/brunoberthet.com\/\"},{\"@type\":\"ListItem\",\"position\":2,\"name\":\"Packraft Grotte Raphael.\"}]},{\"@type\":\"WebSite\",\"@id\":\"https:\/\/brunoberthet.com\/#website\",\"url\":\"https:\/\/brunoberthet.com\/\",\"name\":\"Bruno Berthet photographies\",\"description\":\"Annecy Haute-Savoie\",\"publisher\":{\"@id\":\"https:\/\/brunoberthet.com\/#\/schema\/person\/2ebec7f24f84dccded022531890f1692\"},\"potentialAction\":[{\"@type\":\"SearchAction\",\"target\":{\"@type\":\"EntryPoint\",\"urlTemplate\":\"https:\/\/brunoberthet.com\/?s={search_term_string}\"},\"query-input\":\"required name=search_term_string\"}],\"inLanguage\":\"fr-FR\"},{\"@type\":[\"Person\",\"Organization\"],\"@id\":\"https:\/\/brunoberthet.com\/#\/schema\/person\/2ebec7f24f84dccded022531890f1692\",\"name\":\"bruno berthet\",\"image\":{\"@type\":\"ImageObject\",\"inLanguage\":\"fr-FR\",\"@id\":\"https:\/\/brunoberthet.com\/#\/schema\/person\/image\/\",\"url\":\"https:\/\/secure.gravatar.com\/avatar\/7b9a32cc9ef2d79d6406fcef770728a9?s=96&d=mm&r=g\",\"contentUrl\":\"https:\/\/secure.gravatar.com\/avatar\/7b9a32cc9ef2d79d6406fcef770728a9?s=96&d=mm&r=g\",\"caption\":\"bruno berthet\"},\"logo\":{\"@id\":\"https:\/\/brunoberthet.com\/#\/schema\/person\/image\/\"},\"sameAs\":[\"https:\/\/www.instagram.com\/bruno.berthet\/\"]}]}<\/script>\n<!-- \/ Yoast SEO plugin. -->","yoast_head_json":{"title":"Packraft Grotte Raphael. | Bruno Berthet photographies","robots":{"index":"index","follow":"follow","max-snippet":"max-snippet:-1","max-image-preview":"max-image-preview:large","max-video-preview":"max-video-preview:-1"},"canonical":"https:\/\/brunoberthet.com\/?p=898","og_locale":"fr_FR","og_type":"article","og_title":"Packraft Grotte Raphael. | Bruno Berthet photographies","og_description":"Lac du Bourget, bivouac a la grotte Raphael. (Octobre 2019) Apres un premier essai rat\u00e9 quelques semaines auparavant, ou nous avions fait le choix de faire demi-tour (temps tr\u00e8s orageux,Continue readingPackraft Grotte Raphael.","og_url":"https:\/\/brunoberthet.com\/?p=898","og_site_name":"Bruno Berthet photographies","article_published_time":"2019-10-10T17:47:47+00:00","article_modified_time":"2023-02-15T09:18:39+00:00","og_image":[{"url":"http:\/\/brunoberthet.com\/wp-content\/uploads\/2019\/10\/DSC2613-1024x684.jpg"}],"author":"bruno berthet","twitter_card":"summary_large_image","twitter_misc":{"\u00c9crit par":"bruno berthet","Dur\u00e9e de lecture estim\u00e9e":"1 minute"},"schema":{"@context":"https:\/\/schema.org","@graph":[{"@type":"Article","@id":"https:\/\/brunoberthet.com\/?p=898#article","isPartOf":{"@id":"https:\/\/brunoberthet.com\/?p=898"},"author":{"name":"bruno berthet","@id":"https:\/\/brunoberthet.com\/#\/schema\/person\/2ebec7f24f84dccded022531890f1692"},"headline":"Packraft Grotte Raphael.","datePublished":"2019-10-10T17:47:47+00:00","dateModified":"2023-02-15T09:18:39+00:00","mainEntityOfPage":{"@id":"https:\/\/brunoberthet.com\/?p=898"},"wordCount":149,"publisher":{"@id":"https:\/\/brunoberthet.com\/#\/schema\/person\/2ebec7f24f84dccded022531890f1692"},"articleSection":["Voyages"],"inLanguage":"fr-FR"},{"@type":"WebPage","@id":"https:\/\/brunoberthet.com\/?p=898","url":"https:\/\/brunoberthet.com\/?p=898","name":"Packraft Grotte Raphael. | Bruno Berthet photographies","isPartOf":{"@id":"https:\/\/brunoberthet.com\/#website"},"datePublished":"2019-10-10T17:47:47+00:00","dateModified":"2023-02-15T09:18:39+00:00","breadcrumb":{"@id":"https:\/\/brunoberthet.com\/?p=898#breadcrumb"},"inLanguage":"fr-FR","potentialAction":[{"@type":"ReadAction","target":["https:\/\/brunoberthet.com\/?p=898"]}]},{"@type":"BreadcrumbList","@id":"https:\/\/brunoberthet.com\/?p=898#breadcrumb","itemListElement":[{"@type":"ListItem","position":1,"name":"Home","item":"https:\/\/brunoberthet.com\/"},{"@type":"ListItem","position":2,"name":"Packraft Grotte Raphael."}]},{"@type":"WebSite","@id":"https:\/\/brunoberthet.com\/#website","url":"https:\/\/brunoberthet.com\/","name":"Bruno Berthet photographies","description":"Annecy Haute-Savoie","publisher":{"@id":"https:\/\/brunoberthet.com\/#\/schema\/person\/2ebec7f24f84dccded022531890f1692"},"potentialAction":[{"@type":"SearchAction","target":{"@type":"EntryPoint","urlTemplate":"https:\/\/brunoberthet.com\/?s={search_term_string}"},"query-input":"required name=search_term_string"}],"inLanguage":"fr-FR"},{"@type":["Person","Organization"],"@id":"https:\/\/brunoberthet.com\/#\/schema\/person\/2ebec7f24f84dccded022531890f1692","name":"bruno berthet","image":{"@type":"ImageObject","inLanguage":"fr-FR","@id":"https:\/\/brunoberthet.com\/#\/schema\/person\/image\/","url":"https:\/\/secure.gravatar.com\/avatar\/7b9a32cc9ef2d79d6406fcef770728a9?s=96&d=mm&r=g","contentUrl":"https:\/\/secure.gravatar.com\/avatar\/7b9a32cc9ef2d79d6406fcef770728a9?s=96&d=mm&r=g","caption":"bruno berthet"},"logo":{"@id":"https:\/\/brunoberthet.com\/#\/schema\/person\/image\/"},"sameAs":["https:\/\/www.instagram.com\/bruno.berthet\/"]}]}},"rttpg_featured_image_url":null,"rttpg_author":{"display_name":"bruno berthet","author_link":"https:\/\/brunoberthet.com\/?author=1"},"rttpg_comment":0,"rttpg_category":"<a href=\"https:\/\/brunoberthet.com\/?cat=1\" rel=\"category\">Voyages<\/a>","rttpg_excerpt":"Lac du Bourget, bivouac a la grotte Raphael. (Octobre 2019) Apres un premier essai rat\u00e9 quelques semaines auparavant, ou nous avions fait le choix de faire demi-tour (temps tr\u00e8s orageux,Continue readingPackraft Grotte Raphael.","_links":{"self":[{"href":"https:\/\/brunoberthet.com\/index.php?rest_route=\/wp\/v2\/posts\/898"}],"collection":[{"href":"https:\/\/brunoberthet.com\/index.php?rest_route=\/wp\/v2\/posts"}],"about":[{"href":"https:\/\/brunoberthet.com\/index.php?rest_route=\/wp\/v2\/types\/post"}],"author":[{"embeddable":true,"href":"https:\/\/brunoberthet.com\/index.php?rest_route=\/wp\/v2\/users\/1"}],"replies":[{"embeddable":true,"href":"https:\/\/brunoberthet.com\/index.php?rest_route=%2Fwp%2Fv2%2Fcomments&post=898"}],"version-history":[{"count":20,"href":"https:\/\/brunoberthet.com\/index.php?rest_route=\/wp\/v2\/posts\/898\/revisions"}],"predecessor-version":[{"id":2507,"href":"https:\/\/brunoberthet.com\/index.php?rest_route=\/wp\/v2\/posts\/898\/revisions\/2507"}],"wp:attachment":[{"href":"https:\/\/brunoberthet.com\/index.php?rest_route=%2Fwp%2Fv2%2Fmedia&parent=898"}],"wp:term":[{"taxonomy":"category","embeddable":true,"href":"https:\/\/brunoberthet.com\/index.php?rest_route=%2Fwp%2Fv2%2Fcategories&post=898"},{"taxonomy":"post_tag","embeddable":true,"href":"https:\/\/brunoberthet.com\/index.php?rest_route=%2Fwp%2Fv2%2Ftags&post=898"}],"curies":[{"name":"wp","href":"https:\/\/api.w.org\/{rel}","templated":true}]}}